{"id":870,"date":"2023-06-21T07:27:32","date_gmt":"2023-06-21T05:27:32","guid":{"rendered":"http:\/\/www.gitarre-bb.de\/?p=870"},"modified":"2023-10-04T21:32:37","modified_gmt":"2023-10-04T19:32:37","slug":"konzert-des-gitarrensextetts-am-24-06","status":"publish","type":"post","link":"https:\/\/www.gitarre-bb.de\/?p=870","title":{"rendered":"Konzert des Gitarrensextetts am 24.06."},"content":{"rendered":"\n<p><strong>Am Wochenende ist es wieder soweit &#8211; Konzertabend!<\/strong><\/p>\n\n\n\n<p><br>Einige unserer Spieler haben sich zu einem Sextett zusammengefunden und spielen am Samstag, den 24.06. um 19 Uhr, im B\u00fcrgercaf\u00e9 im Steinhaus Deckenpfronn. Auf dem Programm stehen St\u00fccke von Vivaldi \u00fcber Schubert bis Turina.&nbsp;<br>Der Eintritt ist frei, um Spenden wird gebeten.<\/p>\n\n\n\n<figure class=\"wp-block-image size-large\"><a href=\"https:\/\/www.gitarre-bb.de\/wp-content\/uploads\/2023\/06\/2023-05-22-Anzeige-Gitarrenkonzert-scaled.jpg\"><img loading=\"lazy\" decoding=\"async\" width=\"724\" height=\"1024\" src=\"https:\/\/www.gitarre-bb.de\/wp-content\/uploads\/2023\/06\/2023-05-22-Anzeige-Gitarrenkonzert-724x1024.jpg\" alt=\"\" class=\"wp-image-871\" srcset=\"https:\/\/www.gitarre-bb.de\/wp-content\/uploads\/2023\/06\/2023-05-22-Anzeige-Gitarrenkonzert-724x1024.jpg 724w, https:\/\/www.gitarre-bb.de\/wp-content\/uploads\/2023\/06\/2023-05-22-Anzeige-Gitarrenkonzert-212x300.jpg 212w, https:\/\/www.gitarre-bb.de\/wp-content\/uploads\/2023\/06\/2023-05-22-Anzeige-Gitarrenkonzert-768x1086.jpg 768w, https:\/\/www.gitarre-bb.de\/wp-content\/uploads\/2023\/06\/2023-05-22-Anzeige-Gitarrenkonzert-1086x1536.jpg 1086w, https:\/\/www.gitarre-bb.de\/wp-content\/uploads\/2023\/06\/2023-05-22-Anzeige-Gitarrenkonzert-1448x2048.jpg 1448w, https:\/\/www.gitarre-bb.de\/wp-content\/uploads\/2023\/06\/2023-05-22-Anzeige-Gitarrenkonzert-700x990.jpg 700w, https:\/\/www.gitarre-bb.de\/wp-content\/uploads\/2023\/06\/2023-05-22-Anzeige-Gitarrenkonzert-scaled.jpg 1810w\" sizes=\"auto, (max-width: 724px) 100vw, 724px\" \/><\/a><\/figure>\n","protected":false},"excerpt":{"rendered":"<p>Am Wochenende ist es wieder soweit &#8211; Konzertabend! Einige unserer Spieler haben sich zu einem Sextett zusammengefunden und spielen am Samstag, den 24.06. um 19 Uhr, im B\u00fcrgercaf\u00e9 im Steinhaus Deckenpfronn. Auf dem Programm stehen St\u00fccke von Vivaldi \u00fcber Schubert bis Turina.&nbsp;Der Eintritt ist frei, um Spenden wird gebeten.<\/p>\n","protected":false},"author":6,"featured_media":871,"comment_status":"closed","ping_status":"closed","sticky":false,"template":"","format":"standard","meta":{"footnotes":""},"categories":[3],"tags":[14,12,13,15],"class_list":["post-870","post","type-post","status-publish","format-standard","has-post-thumbnail","hentry","category-aktuelles","tag-boeblingen","tag-gitarre","tag-konzert","tag-zupforchester","column","onecol","has-thumbnail"],"_links":{"self":[{"href":"https:\/\/www.gitarre-bb.de\/index.php?rest_route=\/wp\/v2\/posts\/870","targetHints":{"allow":["GET"]}}],"collection":[{"href":"https:\/\/www.gitarre-bb.de\/index.php?rest_route=\/wp\/v2\/posts"}],"about":[{"href":"https:\/\/www.gitarre-bb.de\/index.php?rest_route=\/wp\/v2\/types\/post"}],"author":[{"embeddable":true,"href":"https:\/\/www.gitarre-bb.de\/index.php?rest_route=\/wp\/v2\/users\/6"}],"replies":[{"embeddable":true,"href":"https:\/\/www.gitarre-bb.de\/index.php?rest_route=%2Fwp%2Fv2%2Fcomments&post=870"}],"version-history":[{"count":3,"href":"https:\/\/www.gitarre-bb.de\/index.php?rest_route=\/wp\/v2\/posts\/870\/revisions"}],"predecessor-version":[{"id":877,"href":"https:\/\/www.gitarre-bb.de\/index.php?rest_route=\/wp\/v2\/posts\/870\/revisions\/877"}],"wp:featuredmedia":[{"embeddable":true,"href":"https:\/\/www.gitarre-bb.de\/index.php?rest_route=\/wp\/v2\/media\/871"}],"wp:attachment":[{"href":"https:\/\/www.gitarre-bb.de\/index.php?rest_route=%2Fwp%2Fv2%2Fmedia&parent=870"}],"wp:term":[{"taxonomy":"category","embeddable":true,"href":"https:\/\/www.gitarre-bb.de\/index.php?rest_route=%2Fwp%2Fv2%2Fcategories&post=870"},{"taxonomy":"post_tag","embeddable":true,"href":"https:\/\/www.gitarre-bb.de\/index.php?rest_route=%2Fwp%2Fv2%2Ftags&post=870"}],"curies":[{"name":"wp","href":"https:\/\/api.w.org\/{rel}","templated":true}]}}