{"id":1027,"date":"2025-05-10T12:27:10","date_gmt":"2025-05-10T10:27:10","guid":{"rendered":"https:\/\/www.gitarre-bb.de\/?p=1027"},"modified":"2025-05-10T12:29:27","modified_gmt":"2025-05-10T10:29:27","slug":"konzert-mit-dem-badischen-zupforchester","status":"publish","type":"post","link":"https:\/\/www.gitarre-bb.de\/?p=1027","title":{"rendered":"Konzert mit dem Badischen Zupforchester am 29.06."},"content":{"rendered":"\n<p>Am Sonntag, den <strong>29.06.2025<\/strong> um <strong>17:00 Uhr<\/strong> ist es wieder soweit: wir geben unser j\u00e4hrliches Konzert in der <strong><a href=\"https:\/\/www.evkirchebb.de\">Paul-Gerhardt-Kirche<\/a><\/strong>, B\u00f6blingen.<\/p>\n\n\n\n<p>Neben einem abwechslungsreichen Programm, welches sich mit dem Thema &#8222;Tr\u00e4ume&#8220; befasst, freuen wir uns dieses Jahr besonders \u00fcber unsere G\u00e4ste vom <a href=\"https:\/\/www.badisches-zupforchester.de\"><strong>Badischen Zupforchester<\/strong><\/a>, die f\u00fcr weitere musikalische Highlights sorgen.<\/p>\n\n\n\n<p>Der Eintritt ist frei, um Spenden wird gebeten.<\/p>\n\n\n\n<figure class=\"wp-block-image size-large\"><a href=\"https:\/\/www.gitarre-bb.de\/wp-content\/uploads\/2025\/05\/2025-05-05-Flyer-vorne-scaled.jpg\"><img loading=\"lazy\" decoding=\"async\" width=\"725\" height=\"1024\" src=\"https:\/\/www.gitarre-bb.de\/wp-content\/uploads\/2025\/05\/2025-05-05-Flyer-vorne-725x1024.jpg\" alt=\"\" class=\"wp-image-1028\" srcset=\"https:\/\/www.gitarre-bb.de\/wp-content\/uploads\/2025\/05\/2025-05-05-Flyer-vorne-725x1024.jpg 725w, https:\/\/www.gitarre-bb.de\/wp-content\/uploads\/2025\/05\/2025-05-05-Flyer-vorne-212x300.jpg 212w, https:\/\/www.gitarre-bb.de\/wp-content\/uploads\/2025\/05\/2025-05-05-Flyer-vorne-768x1085.jpg 768w, https:\/\/www.gitarre-bb.de\/wp-content\/uploads\/2025\/05\/2025-05-05-Flyer-vorne-1087x1536.jpg 1087w, https:\/\/www.gitarre-bb.de\/wp-content\/uploads\/2025\/05\/2025-05-05-Flyer-vorne-1449x2048.jpg 1449w, https:\/\/www.gitarre-bb.de\/wp-content\/uploads\/2025\/05\/2025-05-05-Flyer-vorne-700x989.jpg 700w, https:\/\/www.gitarre-bb.de\/wp-content\/uploads\/2025\/05\/2025-05-05-Flyer-vorne-scaled.jpg 1811w\" sizes=\"auto, (max-width: 725px) 100vw, 725px\" \/><\/a><\/figure>\n","protected":false},"excerpt":{"rendered":"<p>Am Sonntag, den 29.06.2025 um 17:00 Uhr ist es wieder soweit: wir geben unser j\u00e4hrliches Konzert in der Paul-Gerhardt-Kirche, B\u00f6blingen. Neben einem abwechslungsreichen Programm, welches sich mit dem Thema &#8222;Tr\u00e4ume&#8220; befasst, freuen wir uns dieses Jahr besonders \u00fcber unsere G\u00e4ste vom Badischen Zupforchester, die f\u00fcr weitere musikalische Highlights sorgen. Der &#8230;<\/p>\n","protected":false},"author":6,"featured_media":1028,"comment_status":"closed","ping_status":"closed","sticky":false,"template":"","format":"standard","meta":{"footnotes":""},"categories":[3],"tags":[],"class_list":["post-1027","post","type-post","status-publish","format-standard","has-post-thumbnail","hentry","category-aktuelles","column","onecol","has-thumbnail"],"_links":{"self":[{"href":"https:\/\/www.gitarre-bb.de\/index.php?rest_route=\/wp\/v2\/posts\/1027","targetHints":{"allow":["GET"]}}],"collection":[{"href":"https:\/\/www.gitarre-bb.de\/index.php?rest_route=\/wp\/v2\/posts"}],"about":[{"href":"https:\/\/www.gitarre-bb.de\/index.php?rest_route=\/wp\/v2\/types\/post"}],"author":[{"embeddable":true,"href":"https:\/\/www.gitarre-bb.de\/index.php?rest_route=\/wp\/v2\/users\/6"}],"replies":[{"embeddable":true,"href":"https:\/\/www.gitarre-bb.de\/index.php?rest_route=%2Fwp%2Fv2%2Fcomments&post=1027"}],"version-history":[{"count":3,"href":"https:\/\/www.gitarre-bb.de\/index.php?rest_route=\/wp\/v2\/posts\/1027\/revisions"}],"predecessor-version":[{"id":1031,"href":"https:\/\/www.gitarre-bb.de\/index.php?rest_route=\/wp\/v2\/posts\/1027\/revisions\/1031"}],"wp:featuredmedia":[{"embeddable":true,"href":"https:\/\/www.gitarre-bb.de\/index.php?rest_route=\/wp\/v2\/media\/1028"}],"wp:attachment":[{"href":"https:\/\/www.gitarre-bb.de\/index.php?rest_route=%2Fwp%2Fv2%2Fmedia&parent=1027"}],"wp:term":[{"taxonomy":"category","embeddable":true,"href":"https:\/\/www.gitarre-bb.de\/index.php?rest_route=%2Fwp%2Fv2%2Fcategories&post=1027"},{"taxonomy":"post_tag","embeddable":true,"href":"https:\/\/www.gitarre-bb.de\/index.php?rest_route=%2Fwp%2Fv2%2Ftags&post=1027"}],"curies":[{"name":"wp","href":"https:\/\/api.w.org\/{rel}","templated":true}]}}